{"id":768763,"date":"2024-12-18T17:04:03","date_gmt":"2024-12-18T16:04:03","guid":{"rendered":"https:\/\/europeannewsroom.com\/?p=768763"},"modified":"2024-12-18T17:04:08","modified_gmt":"2024-12-18T16:04:08","slug":"georgie-la-presidente-zourabichvili-critique-la-lenteur-de-reaction-de-leurope","status":"publish","type":"post","link":"https:\/\/europeannewsroom.com\/fr\/georgie-la-presidente-zourabichvili-critique-la-lenteur-de-reaction-de-leurope\/","title":{"rendered":"G\u00e9orgie : la pr\u00e9sidente Zourabichvili critique la \u00ab\u00a0lenteur\u00a0\u00bb de r\u00e9action de l&rsquo;Europe"},"content":{"rendered":"\n<p class=\"wp-block-paragraph\">Parlement europ\u00e9en (Strasbourg, France) &#8211; La pr\u00e9sidente g\u00e9orgienne pro-occidentale, Salom\u00e9 Zourabichvili, a critiqu\u00e9 mercredi la \u00ab&nbsp;lenteur&nbsp;\u00bb de r\u00e9action de l&rsquo;Europe et l&rsquo;a appel\u00e9e \u00e0 agir \u00ab&nbsp;davantage&nbsp;\u00bb face \u00e0 la crise politique dans son pays, devant les eurod\u00e9put\u00e9s r\u00e9unis en session pl\u00e9ni\u00e8re \u00e0 Strasbourg.<\/p>\n\n\n\n<p class=\"wp-block-paragraph\">La G\u00e9orgie, ex-r\u00e9publique sovi\u00e9tique, est travers\u00e9e par une crise depuis que le parti au pouvoir, le R\u00eave g\u00e9orgien, a revendiqu\u00e9 la victoire aux \u00e9lections l\u00e9gislatives du 26 octobre.<\/p>\n\n\n\n<p class=\"wp-block-paragraph\">Le gouvernement, accus\u00e9 de d\u00e9rives autoritaires prorusses, a d\u00e9cid\u00e9 fin novembre de suspendre jusqu&rsquo;en 2028 toute n\u00e9gociation d&rsquo;adh\u00e9sion \u00e0 l\u2019UE.<\/p>\n\n\n\n<p class=\"wp-block-paragraph\">\u00ab\u00a0L&rsquo;Europe a mis du temps \u00e0 se r\u00e9veiller et \u00e0 r\u00e9agir\u00a0\u00bb, a d\u00e9clar\u00e9 Salom\u00e9 Zourabichvili qui avait annonc\u00e9 qu&rsquo;elle refuserait de rendre son mandat comme pr\u00e9vu le 29 d\u00e9cembre, tant que de nouvelles l\u00e9gislatives ne seraient pas organis\u00e9es.<\/p>\n\n\n\n<p class=\"wp-block-paragraph\">Elle a appel\u00e9 l&rsquo;Europe \u00e0 \u00ab\u00a0lutter contre les mensonges et la d\u00e9sinformation\u00a0\u00bb et \u00e0 soutenir \u00ab\u00a0l&rsquo;appel \u00e0 de nouvelles \u00e9lections\u00a0\u00bb, apr\u00e8s les l\u00e9gislatives du 26 octobre qualifi\u00e9es de truqu\u00e9es par l&rsquo;opposition pro-europ\u00e9enne, qui manifeste depuis plusieurs semaines dans les rues de la capitale. (18 d\u00e9cembre 2024)<\/p>\n","protected":false},"excerpt":{"rendered":"<p>La pr\u00e9sidente de la G\u00e9orgie, en rupture avec le gouvernement de Tbilissi, a d\u00e9plor\u00e9 mercredi la r\u00e9action de l\u2019Europe \u00e0 la crise politique dans son pays, r\u00e9action qu\u2019elle a jug\u00e9e trop lente.<\/p>\n","protected":false},"author":21,"featured_media":768764,"comment_status":"closed","ping_status":"closed","sticky":false,"template":"","format":"standard","meta":{"_acf_changed":false,"_et_pb_use_builder":"","_et_pb_old_content":"","_et_gb_content_width":"","footnotes":""},"categories":[45],"tags":[],"class_list":["post-768763","post","type-post","status-publish","format-standard","has-post-thumbnail","hentry","category-europe-in-brief"],"acf":[],"_links":{"self":[{"href":"https:\/\/europeannewsroom.com\/fr\/wp-json\/wp\/v2\/posts\/768763","targetHints":{"allow":["GET"]}}],"collection":[{"href":"https:\/\/europeannewsroom.com\/fr\/wp-json\/wp\/v2\/posts"}],"about":[{"href":"https:\/\/europeannewsroom.com\/fr\/wp-json\/wp\/v2\/types\/post"}],"author":[{"embeddable":true,"href":"https:\/\/europeannewsroom.com\/fr\/wp-json\/wp\/v2\/users\/21"}],"replies":[{"embeddable":true,"href":"https:\/\/europeannewsroom.com\/fr\/wp-json\/wp\/v2\/comments?post=768763"}],"version-history":[{"count":0,"href":"https:\/\/europeannewsroom.com\/fr\/wp-json\/wp\/v2\/posts\/768763\/revisions"}],"wp:featuredmedia":[{"embeddable":true,"href":"https:\/\/europeannewsroom.com\/fr\/wp-json\/wp\/v2\/media\/768764"}],"wp:attachment":[{"href":"https:\/\/europeannewsroom.com\/fr\/wp-json\/wp\/v2\/media?parent=768763"}],"wp:term":[{"taxonomy":"category","embeddable":true,"href":"https:\/\/europeannewsroom.com\/fr\/wp-json\/wp\/v2\/categories?post=768763"},{"taxonomy":"post_tag","embeddable":true,"href":"https:\/\/europeannewsroom.com\/fr\/wp-json\/wp\/v2\/tags?post=768763"}],"curies":[{"name":"wp","href":"https:\/\/api.w.org\/{rel}","templated":true}]}}