{"id":769975,"date":"2024-12-18T21:55:01","date_gmt":"2024-12-18T20:55:01","guid":{"rendered":"https:\/\/europeannewsroom.com\/?p=769975"},"modified":"2024-12-18T21:55:53","modified_gmt":"2024-12-18T20:55:53","slug":"ue-kallas-promet-des-progres-reels-sur-lelargissement-vers-les-balkans","status":"publish","type":"post","link":"https:\/\/europeannewsroom.com\/fr\/ue-kallas-promet-des-progres-reels-sur-lelargissement-vers-les-balkans\/","title":{"rendered":"UE\u00a0: Kallas promet des \u00ab\u00a0progr\u00e8s r\u00e9els\u00a0\u00bb sur l&rsquo;\u00e9largissement vers les Balkans"},"content":{"rendered":"\n<p class=\"wp-block-paragraph\">Bruxelles &#8211; La nouvelle cheffe de la diplomatie europ\u00e9enne, Kaja Kallas, a promis mercredi des \u00ab\u00a0progr\u00e8s r\u00e9els\u00a0\u00bb dans les cinq ans \u00e0 venir sur l&rsquo;\u00e9largissement de l&rsquo;Union europ\u00e9enne vers les Balkans, un long processus relanc\u00e9 depuis l&rsquo;invasion russe en Ukraine.<\/p>\n\n\n\n<p class=\"wp-block-paragraph\">Albanie, Bosnie-Herz\u00e9govine, Kosovo, Mac\u00e9doine du Nord, Mont\u00e9n\u00e9gro et Serbie: l&rsquo;\u00e9largissement de l\u2019UE \u00e0 cette partie occidentale des Balkans, un ensemble d&rsquo;un peu moins de 18 millions d&rsquo;habitants, est un d\u00e9bat vieux de plus de 20 ans.&nbsp;<\/p>\n\n\n\n<p class=\"wp-block-paragraph\">Pendant toutes ces ann\u00e9es, les discussions ont fait \u00ab\u00a0du surplace\u00a0\u00bb, selon un diplomate \u00e0 Bruxelles. Mais le vent a tourn\u00e9 avec l&rsquo;invasion russe de l&rsquo;Ukraine, qui a relanc\u00e9 le processus.<\/p>\n\n\n\n<p class=\"wp-block-paragraph\">\u00ab\u00a0Nous voulons voir des progr\u00e8s r\u00e9els dans le processus d&rsquo;\u00e9largissement au cours de ce mandat de cinq ans que nous avons\u00a0\u00bb, a assur\u00e9 Kaja Kallas au d\u00e9but d&rsquo;un sommet r\u00e9unissant les pays des Balkans et les responsables europ\u00e9ens \u00e0 Bruxelles.<\/p>\n\n\n\n<p class=\"wp-block-paragraph\">Les Europ\u00e9ens ont mis six milliards d&rsquo;euros sur la table pour favoriser d&rsquo;ici 2027 la croissance dans ces six pays. (18 d\u00e9cembre 2024)<\/p>\n","protected":false},"excerpt":{"rendered":"<p>L\u2019Union europ\u00e9enne compte faire des \u00ab progr\u00e8s r\u00e9els \u00bb dans les cinq prochaines ann\u00e9es sur l\u2019\u00e9largissement vers les Balkans, a d\u00e9clar\u00e9 la cheffe de la diplomatie des 27.<\/p>\n","protected":false},"author":21,"featured_media":769976,"comment_status":"closed","ping_status":"closed","sticky":false,"template":"","format":"standard","meta":{"_acf_changed":false,"_et_pb_use_builder":"","_et_pb_old_content":"","_et_gb_content_width":"","footnotes":""},"categories":[45],"tags":[],"class_list":["post-769975","post","type-post","status-publish","format-standard","has-post-thumbnail","hentry","category-europe-in-brief"],"acf":[],"_links":{"self":[{"href":"https:\/\/europeannewsroom.com\/fr\/wp-json\/wp\/v2\/posts\/769975","targetHints":{"allow":["GET"]}}],"collection":[{"href":"https:\/\/europeannewsroom.com\/fr\/wp-json\/wp\/v2\/posts"}],"about":[{"href":"https:\/\/europeannewsroom.com\/fr\/wp-json\/wp\/v2\/types\/post"}],"author":[{"embeddable":true,"href":"https:\/\/europeannewsroom.com\/fr\/wp-json\/wp\/v2\/users\/21"}],"replies":[{"embeddable":true,"href":"https:\/\/europeannewsroom.com\/fr\/wp-json\/wp\/v2\/comments?post=769975"}],"version-history":[{"count":0,"href":"https:\/\/europeannewsroom.com\/fr\/wp-json\/wp\/v2\/posts\/769975\/revisions"}],"wp:featuredmedia":[{"embeddable":true,"href":"https:\/\/europeannewsroom.com\/fr\/wp-json\/wp\/v2\/media\/769976"}],"wp:attachment":[{"href":"https:\/\/europeannewsroom.com\/fr\/wp-json\/wp\/v2\/media?parent=769975"}],"wp:term":[{"taxonomy":"category","embeddable":true,"href":"https:\/\/europeannewsroom.com\/fr\/wp-json\/wp\/v2\/categories?post=769975"},{"taxonomy":"post_tag","embeddable":true,"href":"https:\/\/europeannewsroom.com\/fr\/wp-json\/wp\/v2\/tags?post=769975"}],"curies":[{"name":"wp","href":"https:\/\/api.w.org\/{rel}","templated":true}]}}