{"id":772233,"date":"2024-12-19T17:27:39","date_gmt":"2024-12-19T16:27:39","guid":{"rendered":"https:\/\/europeannewsroom.com\/?p=772233"},"modified":"2024-12-20T14:45:21","modified_gmt":"2024-12-20T13:45:21","slug":"cyclone-a-mayotte-la-france-a-active-le-mecanisme-de-protection-civile-de-lue","status":"publish","type":"post","link":"https:\/\/europeannewsroom.com\/fr\/cyclone-a-mayotte-la-france-a-active-le-mecanisme-de-protection-civile-de-lue\/","title":{"rendered":"Cyclone \u00e0 Mayotte : la France a activ\u00e9 le m\u00e9canisme de protection civile de l&rsquo;UE"},"content":{"rendered":"\n<p class=\"wp-block-paragraph\">Paris \u2013 Le m\u00e9canisme de protection civile de l&rsquo;UE \u00ab\u00a0a \u00e9t\u00e9 activ\u00e9 le 17 d\u00e9cembre dernier et beaucoup de partenaires nous ont fait une offre que nous regardons\u00a0\u00bb, a d\u00e9clar\u00e9 le porte-parole du minist\u00e8re fran\u00e7ais des Affaires \u00e9trang\u00e8res, Christophe Lemoine.<\/p>\n\n\n\n<p class=\"wp-block-paragraph\">La demande porte sur 10.000 tentes et h\u00e9bergements d&rsquo;urgence afin d&rsquo;accueillir les familles sinistr\u00e9es de cet archipel fran\u00e7ais de l&rsquo;oc\u00e9an Indien, a pr\u00e9cis\u00e9 une autre source diplomatique.<\/p>\n\n\n\n<p class=\"wp-block-paragraph\">Arriv\u00e9 sur place jeudi matin, le pr\u00e9sident Emmanuel Macron a promis de \u00ab\u00a0reb\u00e2tir\u00a0\u00bb Mayotte, cinq jours apr\u00e8s le passage d\u00e9vastateur du cyclone, et a appel\u00e9 \u00e0 \u00ab\u00a0renforcer la lutte contre l&rsquo;immigration clandestine\u00a0\u00bb.<\/p>\n\n\n\n<p class=\"wp-block-paragraph\">Face \u00e0 l&rsquo;ampleur des d\u00e9g\u00e2ts, le chef de l&rsquo;Etat fran\u00e7ais, attendu initialement pour quelques heures, a annonc\u00e9 qu&rsquo;il resterait jusqu&rsquo;\u00e0 vendredi dans l&rsquo;archipel, afin de visiter des zones plus recul\u00e9es.<\/p>\n\n\n\n<p class=\"wp-block-paragraph\">Selon des chiffres provisoires, 31 morts et quelque 1.400 bless\u00e9s ont \u00e9t\u00e9 officiellement recens\u00e9s, mais les autorit\u00e9s craignent un bilan beaucoup plus lourd, alors que 70% des habitants ont \u00e9t\u00e9 gravement touch\u00e9s. (19 d\u00e9cembre 2024)<\/p>\n","protected":false},"excerpt":{"rendered":"<p>La France a activ\u00e9 le m\u00e9canisme de protection civile de l&rsquo;Union europ\u00e9enne pour venir en aide aux habitants de l&rsquo;archipel de Mayotte, d\u00e9vast\u00e9 par le passage du cyclone Chido.<\/p>\n","protected":false},"author":21,"featured_media":772234,"comment_status":"closed","ping_status":"closed","sticky":false,"template":"","format":"standard","meta":{"_acf_changed":false,"_et_pb_use_builder":"","_et_pb_old_content":"","_et_gb_content_width":"","footnotes":""},"categories":[45],"tags":[],"class_list":["post-772233","post","type-post","status-publish","format-standard","has-post-thumbnail","hentry","category-europe-in-brief"],"acf":[],"_links":{"self":[{"href":"https:\/\/europeannewsroom.com\/fr\/wp-json\/wp\/v2\/posts\/772233","targetHints":{"allow":["GET"]}}],"collection":[{"href":"https:\/\/europeannewsroom.com\/fr\/wp-json\/wp\/v2\/posts"}],"about":[{"href":"https:\/\/europeannewsroom.com\/fr\/wp-json\/wp\/v2\/types\/post"}],"author":[{"embeddable":true,"href":"https:\/\/europeannewsroom.com\/fr\/wp-json\/wp\/v2\/users\/21"}],"replies":[{"embeddable":true,"href":"https:\/\/europeannewsroom.com\/fr\/wp-json\/wp\/v2\/comments?post=772233"}],"version-history":[{"count":0,"href":"https:\/\/europeannewsroom.com\/fr\/wp-json\/wp\/v2\/posts\/772233\/revisions"}],"wp:featuredmedia":[{"embeddable":true,"href":"https:\/\/europeannewsroom.com\/fr\/wp-json\/wp\/v2\/media\/772234"}],"wp:attachment":[{"href":"https:\/\/europeannewsroom.com\/fr\/wp-json\/wp\/v2\/media?parent=772233"}],"wp:term":[{"taxonomy":"category","embeddable":true,"href":"https:\/\/europeannewsroom.com\/fr\/wp-json\/wp\/v2\/categories?post=772233"},{"taxonomy":"post_tag","embeddable":true,"href":"https:\/\/europeannewsroom.com\/fr\/wp-json\/wp\/v2\/tags?post=772233"}],"curies":[{"name":"wp","href":"https:\/\/api.w.org\/{rel}","templated":true}]}}