{"id":778922,"date":"2024-12-20T17:16:46","date_gmt":"2024-12-20T16:16:46","guid":{"rendered":"https:\/\/europeannewsroom.com\/?p=778922"},"modified":"2024-12-20T17:16:52","modified_gmt":"2024-12-20T16:16:52","slug":"un-accord-suisse-ue-historique-et-avantageux","status":"publish","type":"post","link":"https:\/\/europeannewsroom.com\/fr\/un-accord-suisse-ue-historique-et-avantageux\/","title":{"rendered":"Un accord Suisse-UE \u00ab\u00a0historique\u00a0\u00bb et \u00ab\u00a0avantageux\u00a0\u00bb"},"content":{"rendered":"\n<p class=\"wp-block-paragraph\">Berne &#8211; La Suisse et l&rsquo;Union europ\u00e9enne sont parvenues \u00e0 un accord \u00ab&nbsp;bon et avantageux pour les deux partenaires&nbsp;\u00bb, a affirm\u00e9 vendredi la pr\u00e9sidente suisse Viola Amherd, la cheffe de la Commission europ\u00e9enne Ursula von der Leyen saluant un accord \u00ab&nbsp;historique&nbsp;\u00bb.<\/p>\n\n\n\n<p class=\"wp-block-paragraph\">Le gouvernement suisse a donn\u00e9 vendredi son feu vert \u00e0 un accord de rapprochement avec l&rsquo;UE, mais le chemin vers une \u00e9ventuelle adoption d\u00e9finitive par le Parlement et les \u00e9lecteurs helv\u00e9tiques sera long et sem\u00e9 d&#8217;emb\u00fbches.<\/p>\n\n\n\n<p class=\"wp-block-paragraph\">La pr\u00e9sidente suisse et celle de la Commission se sont rencontr\u00e9es \u00e0 Berne pour marquer \u00ab&nbsp;la fin des n\u00e9gociations mat\u00e9rielles entre la Suisse et l\u2019UE&nbsp;\u00bb.<\/p>\n\n\n\n<p class=\"wp-block-paragraph\">\u00ab&nbsp;Ce jour marque une \u00e9tape importante dans la stabilisation et le d\u00e9veloppement de nos relations bilat\u00e9rales&nbsp;\u00bb, a comment\u00e9 Mme Amherd, assurant que le gouvernement suisse \u00ab&nbsp;est convaincu que le r\u00e9sultat des n\u00e9gociations est bon et avantageux pour les deux partenaires&nbsp;\u00bb.<\/p>\n\n\n\n<p class=\"wp-block-paragraph\">\u00ab&nbsp;Les n\u00e9gociations ont \u00e9t\u00e9 intenses et ont permis de pr\u00e9server les int\u00e9r\u00eats de la Suisse et de l\u2019UE de mani\u00e8re \u00e9quilibr\u00e9e&nbsp;\u00bb, a dit Mme von der Leyen. (20 d\u00e9cembre 2024)<\/p>\n","protected":false},"excerpt":{"rendered":"<p>Apr\u00e8s de tr\u00e8s longues n\u00e9gociations, l\u2019Union europ\u00e9enne et la Suisse se sont entendues sur un accord de rapprochement que les deux parties jugent avantageux et m\u00eame \u00ab historique \u00bb selon la pr\u00e9sidente de la Commission. <\/p>\n","protected":false},"author":21,"featured_media":778946,"comment_status":"closed","ping_status":"closed","sticky":false,"template":"","format":"standard","meta":{"_acf_changed":false,"_et_pb_use_builder":"","_et_pb_old_content":"","_et_gb_content_width":"","footnotes":""},"categories":[45],"tags":[],"class_list":["post-778922","post","type-post","status-publish","format-standard","has-post-thumbnail","hentry","category-europe-in-brief"],"acf":[],"_links":{"self":[{"href":"https:\/\/europeannewsroom.com\/fr\/wp-json\/wp\/v2\/posts\/778922","targetHints":{"allow":["GET"]}}],"collection":[{"href":"https:\/\/europeannewsroom.com\/fr\/wp-json\/wp\/v2\/posts"}],"about":[{"href":"https:\/\/europeannewsroom.com\/fr\/wp-json\/wp\/v2\/types\/post"}],"author":[{"embeddable":true,"href":"https:\/\/europeannewsroom.com\/fr\/wp-json\/wp\/v2\/users\/21"}],"replies":[{"embeddable":true,"href":"https:\/\/europeannewsroom.com\/fr\/wp-json\/wp\/v2\/comments?post=778922"}],"version-history":[{"count":0,"href":"https:\/\/europeannewsroom.com\/fr\/wp-json\/wp\/v2\/posts\/778922\/revisions"}],"wp:featuredmedia":[{"embeddable":true,"href":"https:\/\/europeannewsroom.com\/fr\/wp-json\/wp\/v2\/media\/778946"}],"wp:attachment":[{"href":"https:\/\/europeannewsroom.com\/fr\/wp-json\/wp\/v2\/media?parent=778922"}],"wp:term":[{"taxonomy":"category","embeddable":true,"href":"https:\/\/europeannewsroom.com\/fr\/wp-json\/wp\/v2\/categories?post=778922"},{"taxonomy":"post_tag","embeddable":true,"href":"https:\/\/europeannewsroom.com\/fr\/wp-json\/wp\/v2\/tags?post=778922"}],"curies":[{"name":"wp","href":"https:\/\/api.w.org\/{rel}","templated":true}]}}