{"id":782250,"date":"2024-12-23T16:59:37","date_gmt":"2024-12-23T15:59:37","guid":{"rendered":"https:\/\/europeannewsroom.com\/?p=782250"},"modified":"2024-12-23T16:59:43","modified_gmt":"2024-12-23T15:59:43","slug":"la-russie-est-une-menace-permanente-pour-lue-affirme-helsinki","status":"publish","type":"post","link":"https:\/\/europeannewsroom.com\/fr\/la-russie-est-une-menace-permanente-pour-lue-affirme-helsinki\/","title":{"rendered":"La Russie est une \u00ab\u00a0menace permanente\u00a0\u00bb pour l\u2019UE, affirme Helsinki"},"content":{"rendered":"\n<p class=\"wp-block-paragraph\">Helsinki &#8211; Le Premier ministre finlandais a affirm\u00e9 dimanche que la Russie repr\u00e9sentait une \u00ab\u00a0menace permanente\u00a0\u00bb pour l&rsquo;Union europ\u00e9enne, et soulign\u00e9 la n\u00e9cessit\u00e9 d&rsquo;augmenter les d\u00e9penses de d\u00e9fense et de poursuivre le soutien \u00e0 l&rsquo;Ukraine.<\/p>\n\n\n\n<p class=\"wp-block-paragraph\">Petteri Orpo a accueilli \u00e0 Helsinki un sommet sur la s\u00e9curit\u00e9 et l&rsquo;immigration, en pr\u00e9sence de la cheffe de la diplomatie europ\u00e9enne Kaja Kallas et des Premiers ministres su\u00e9dois, italienne, et grec.<\/p>\n\n\n\n<p class=\"wp-block-paragraph\">\u00ab\u00a0La d\u00e9fense de l&rsquo;Europe doit \u00eatre renforc\u00e9e par tous les moyens possibles, nous devons explorer toutes les options financi\u00e8res\u00a0\u00bb, a dit M. Orpo aux journalistes apr\u00e8s la r\u00e9union.<\/p>\n\n\n\n<p class=\"wp-block-paragraph\">Mme Kallas a elle aussi affirm\u00e9 que \u00ab\u00a0la Russie repr\u00e9sente une menace directe pour la s\u00e9curit\u00e9 europ\u00e9enne\u00a0\u00bb, tout en notant que \u00ab\u00a0la s\u00e9curit\u00e9 comprend diff\u00e9rents \u00e9l\u00e9ments\u00a0\u00bb.<\/p>\n\n\n\n<p class=\"wp-block-paragraph\">\u00ab\u00a0Nous constatons dans toute l&rsquo;Europe diff\u00e9rentes attaques hybrides, qu&rsquo;il s&rsquo;agisse d&rsquo;actes de sabotage, de cyberattaques, de flotte fant\u00f4me dangereuse, de brouillage GPS et de d\u00e9g\u00e2ts caus\u00e9s aux c\u00e2bles (de t\u00e9l\u00e9communication en mer Baltique, ndlr), mais aussi d&rsquo;une militarisation de la migration\u00a0\u00bb, a dit Mme Kallas. (22 d\u00e9cembre 2024)<\/p>\n","protected":false},"excerpt":{"rendered":"<p>Le Premier ministre finlandais a affirm\u00e9 dimanche que la Russie est une \u00ab menace permanente \u00bb pour l\u2019Union europ\u00e9enne, d\u2019accord avec la cheffe de la diplomatie europ\u00e9enne qui a d\u00e9nonc\u00e9 une \u00ab menace directe \u00bb. <\/p>\n","protected":false},"author":21,"featured_media":782251,"comment_status":"closed","ping_status":"closed","sticky":false,"template":"","format":"standard","meta":{"_acf_changed":false,"_et_pb_use_builder":"","_et_pb_old_content":"","_et_gb_content_width":"","footnotes":""},"categories":[45],"tags":[],"class_list":["post-782250","post","type-post","status-publish","format-standard","has-post-thumbnail","hentry","category-europe-in-brief"],"acf":[],"_links":{"self":[{"href":"https:\/\/europeannewsroom.com\/fr\/wp-json\/wp\/v2\/posts\/782250","targetHints":{"allow":["GET"]}}],"collection":[{"href":"https:\/\/europeannewsroom.com\/fr\/wp-json\/wp\/v2\/posts"}],"about":[{"href":"https:\/\/europeannewsroom.com\/fr\/wp-json\/wp\/v2\/types\/post"}],"author":[{"embeddable":true,"href":"https:\/\/europeannewsroom.com\/fr\/wp-json\/wp\/v2\/users\/21"}],"replies":[{"embeddable":true,"href":"https:\/\/europeannewsroom.com\/fr\/wp-json\/wp\/v2\/comments?post=782250"}],"version-history":[{"count":0,"href":"https:\/\/europeannewsroom.com\/fr\/wp-json\/wp\/v2\/posts\/782250\/revisions"}],"wp:featuredmedia":[{"embeddable":true,"href":"https:\/\/europeannewsroom.com\/fr\/wp-json\/wp\/v2\/media\/782251"}],"wp:attachment":[{"href":"https:\/\/europeannewsroom.com\/fr\/wp-json\/wp\/v2\/media?parent=782250"}],"wp:term":[{"taxonomy":"category","embeddable":true,"href":"https:\/\/europeannewsroom.com\/fr\/wp-json\/wp\/v2\/categories?post=782250"},{"taxonomy":"post_tag","embeddable":true,"href":"https:\/\/europeannewsroom.com\/fr\/wp-json\/wp\/v2\/tags?post=782250"}],"curies":[{"name":"wp","href":"https:\/\/api.w.org\/{rel}","templated":true}]}}