{"id":785673,"date":"2024-12-25T19:28:25","date_gmt":"2024-12-25T18:28:25","guid":{"rendered":"https:\/\/europeannewsroom.com\/?p=785673"},"modified":"2024-12-25T19:28:31","modified_gmt":"2024-12-25T18:28:31","slug":"la-direction-cybersecurite-du-parlement-europeen-demenagera-a-strasbourg","status":"publish","type":"post","link":"https:\/\/europeannewsroom.com\/fr\/la-direction-cybersecurite-du-parlement-europeen-demenagera-a-strasbourg\/","title":{"rendered":"La direction cybers\u00e9curit\u00e9 du Parlement europ\u00e9en d\u00e9m\u00e9nagera \u00e0 Strasbourg"},"content":{"rendered":"\n<p class=\"wp-block-paragraph\">Strasbourg, France) &#8211; La direction g\u00e9n\u00e9rale du Parlement europ\u00e9en charg\u00e9e de la cybers\u00e9curit\u00e9 va d\u00e9m\u00e9nager de Bruxelles \u00e0 Strasbourg en 2025, a-t-on appris de source parlementaire, confirmant une information du quotidien en ligne La Lettre.<\/p>\n\n\n\n<p class=\"wp-block-paragraph\">La d\u00e9cision de d\u00e9placer cette direction g\u00e9n\u00e9rale dans la m\u00e9tropole alsacienne, qui abrite d\u00e9j\u00e0 l&rsquo;unit\u00e9 Risques et menaces de cybers\u00e9curit\u00e9, a \u00e9t\u00e9 prise le 16 d\u00e9cembre par le bureau du Parlement europ\u00e9en, a ajout\u00e9 cette source.<\/p>\n\n\n\n<p class=\"wp-block-paragraph\">Pour sa part, le service de communication du Parlement europ\u00e9en a seulement confirm\u00e9 \u00e0 l&rsquo;AFP une \u00ab&nbsp;r\u00e9organisation&nbsp;\u00bb de la direction g\u00e9n\u00e9rale de l&rsquo;innovation et du soutien technologique (ITEC), dont la cybers\u00e9curit\u00e9 est une des attributions, \u00ab&nbsp;\u00e0 compter du 1er avril 2025&nbsp;\u00bb.<\/p>\n\n\n\n<p class=\"wp-block-paragraph\">Le Parlement europ\u00e9en a deux si\u00e8ges, \u00e0 Bruxelles et Strasbourg. Les eurod\u00e9put\u00e9s fran\u00e7ais se battent r\u00e9guli\u00e8rement pour renforcer le si\u00e8ge strasbourgeois, le seul des institutions europ\u00e9ennes situ\u00e9 en France, et dont l&rsquo;int\u00e9r\u00eat est r\u00e9guli\u00e8rement remis en question \u00e0 Bruxelles. (24 d\u00e9cembre 2024)<\/p>\n","protected":false},"excerpt":{"rendered":"<p>Le Parlement europ\u00e9en a d\u00e9cid\u00e9 de transf\u00e9rer sa direction charg\u00e9e de la cybers\u00e9curit\u00e9 de Bruxelles \u00e0 Strasbourg, en France.     <\/p>\n","protected":false},"author":21,"featured_media":785674,"comment_status":"closed","ping_status":"closed","sticky":false,"template":"","format":"standard","meta":{"_acf_changed":false,"_et_pb_use_builder":"","_et_pb_old_content":"","_et_gb_content_width":"","footnotes":""},"categories":[45],"tags":[],"class_list":["post-785673","post","type-post","status-publish","format-standard","has-post-thumbnail","hentry","category-europe-in-brief"],"acf":[],"_links":{"self":[{"href":"https:\/\/europeannewsroom.com\/fr\/wp-json\/wp\/v2\/posts\/785673","targetHints":{"allow":["GET"]}}],"collection":[{"href":"https:\/\/europeannewsroom.com\/fr\/wp-json\/wp\/v2\/posts"}],"about":[{"href":"https:\/\/europeannewsroom.com\/fr\/wp-json\/wp\/v2\/types\/post"}],"author":[{"embeddable":true,"href":"https:\/\/europeannewsroom.com\/fr\/wp-json\/wp\/v2\/users\/21"}],"replies":[{"embeddable":true,"href":"https:\/\/europeannewsroom.com\/fr\/wp-json\/wp\/v2\/comments?post=785673"}],"version-history":[{"count":0,"href":"https:\/\/europeannewsroom.com\/fr\/wp-json\/wp\/v2\/posts\/785673\/revisions"}],"wp:featuredmedia":[{"embeddable":true,"href":"https:\/\/europeannewsroom.com\/fr\/wp-json\/wp\/v2\/media\/785674"}],"wp:attachment":[{"href":"https:\/\/europeannewsroom.com\/fr\/wp-json\/wp\/v2\/media?parent=785673"}],"wp:term":[{"taxonomy":"category","embeddable":true,"href":"https:\/\/europeannewsroom.com\/fr\/wp-json\/wp\/v2\/categories?post=785673"},{"taxonomy":"post_tag","embeddable":true,"href":"https:\/\/europeannewsroom.com\/fr\/wp-json\/wp\/v2\/tags?post=785673"}],"curies":[{"name":"wp","href":"https:\/\/api.w.org\/{rel}","templated":true}]}}