{"id":786090,"date":"2024-12-26T11:39:46","date_gmt":"2024-12-26T10:39:46","guid":{"rendered":"https:\/\/europeannewsroom.com\/?p=786090"},"modified":"2024-12-26T11:39:51","modified_gmt":"2024-12-26T10:39:51","slug":"lue-et-les-etats-unis-condamnent-lintention-des-serbes-de-bosnie-de-bloquer-les-institutions-centrales","status":"publish","type":"post","link":"https:\/\/europeannewsroom.com\/fr\/lue-et-les-etats-unis-condamnent-lintention-des-serbes-de-bosnie-de-bloquer-les-institutions-centrales\/","title":{"rendered":"L\u2019UE et les Etats-Unis condamnent l&rsquo;intention des Serbes de Bosnie de bloquer les institutions centrales"},"content":{"rendered":"\n<p class=\"wp-block-paragraph\">Sarajevo &#8211; Les Etats-Unis et l&rsquo;Union europ\u00e9enne ont condamn\u00e9 mercredi l&rsquo;intention des Serbes de Bosnie de bloquer le fonctionnement des institutions centrales de ce pays divis\u00e9 \u00e0 cause du proc\u00e8s contre leur chef politique Milorad Dodik, jug\u00e9 pour le rejet de l&rsquo;autorit\u00e9 du Haut repr\u00e9sentant international qui veille au respect de l&rsquo;accord de paix.<\/p>\n\n\n\n<p class=\"wp-block-paragraph\">Le Parlement de la Republika Srpska (RS) a adopt\u00e9 dans la nuit de mardi \u00e0 mercredi une douzaine de \u00ab&nbsp;conclusions&nbsp;\u00bb, appelant notamment les repr\u00e9sentants de cette entit\u00e9 de Bosnie dans les institutions centrales \u00e0 ne pas participer dans la prise de d\u00e9cisions relatives au processus de rapprochement du pays de l&rsquo;Union europ\u00e9enne, \u00e0 cause d&rsquo;un \u00ab&nbsp;proc\u00e8s politique&nbsp;\u00bb men\u00e9, selon eux, contre M. Dodik.<\/p>\n\n\n\n<p class=\"wp-block-paragraph\">\u00ab&nbsp;Les conclusions adopt\u00e9es par le Parlement de la RS (&#8230;) constituent une menace s\u00e9rieuse pour l&rsquo;ordre constitutionnel du pays&nbsp;\u00bb, ont \u00e9crit dans un communiqu\u00e9 conjoint les ambassades des Etats-Unis, de l\u2019UE, de France, d&rsquo;Allemagne, d&rsquo;Italie et de Royaume-Uni. (25 d\u00e9cembre 2024)<\/p>\n","protected":false},"excerpt":{"rendered":"<p>Washington et Bruxelles ont d\u00e9nonc\u00e9 une d\u00e9marche du parlement des Serbes de Bosnie visant \u00e0 emp\u00eacher le rapprochement entre la Bosnie-Herz\u00e9govine et l\u2019Union europ\u00e9enne. <\/p>\n","protected":false},"author":21,"featured_media":786229,"comment_status":"closed","ping_status":"closed","sticky":false,"template":"","format":"standard","meta":{"_acf_changed":false,"_et_pb_use_builder":"","_et_pb_old_content":"","_et_gb_content_width":"","footnotes":""},"categories":[45],"tags":[],"class_list":["post-786090","post","type-post","status-publish","format-standard","has-post-thumbnail","hentry","category-europe-in-brief"],"acf":[],"_links":{"self":[{"href":"https:\/\/europeannewsroom.com\/fr\/wp-json\/wp\/v2\/posts\/786090","targetHints":{"allow":["GET"]}}],"collection":[{"href":"https:\/\/europeannewsroom.com\/fr\/wp-json\/wp\/v2\/posts"}],"about":[{"href":"https:\/\/europeannewsroom.com\/fr\/wp-json\/wp\/v2\/types\/post"}],"author":[{"embeddable":true,"href":"https:\/\/europeannewsroom.com\/fr\/wp-json\/wp\/v2\/users\/21"}],"replies":[{"embeddable":true,"href":"https:\/\/europeannewsroom.com\/fr\/wp-json\/wp\/v2\/comments?post=786090"}],"version-history":[{"count":0,"href":"https:\/\/europeannewsroom.com\/fr\/wp-json\/wp\/v2\/posts\/786090\/revisions"}],"wp:featuredmedia":[{"embeddable":true,"href":"https:\/\/europeannewsroom.com\/fr\/wp-json\/wp\/v2\/media\/786229"}],"wp:attachment":[{"href":"https:\/\/europeannewsroom.com\/fr\/wp-json\/wp\/v2\/media?parent=786090"}],"wp:term":[{"taxonomy":"category","embeddable":true,"href":"https:\/\/europeannewsroom.com\/fr\/wp-json\/wp\/v2\/categories?post=786090"},{"taxonomy":"post_tag","embeddable":true,"href":"https:\/\/europeannewsroom.com\/fr\/wp-json\/wp\/v2\/tags?post=786090"}],"curies":[{"name":"wp","href":"https:\/\/api.w.org\/{rel}","templated":true}]}}