{"id":793710,"date":"2024-12-27T17:14:35","date_gmt":"2024-12-27T16:14:35","guid":{"rendered":"https:\/\/europeannewsroom.com\/?p=793710"},"modified":"2024-12-27T17:14:41","modified_gmt":"2024-12-27T16:14:41","slug":"50-tonnes-daide-humanitaire-de-lue-attendues-le-31-decembre-en-syrie","status":"publish","type":"post","link":"https:\/\/europeannewsroom.com\/fr\/50-tonnes-daide-humanitaire-de-lue-attendues-le-31-decembre-en-syrie\/","title":{"rendered":"50 tonnes d\u2019aide humanitaire de l\u2019UE attendues le 31 d\u00e9cembre en Syrie"},"content":{"rendered":"\n<p class=\"wp-block-paragraph\">Istanbul (Turquie) \u2013 Offertes par l\u2019Union europ\u00e9ennes, 50 tonnes de fournitures m\u00e9dicales sont arriv\u00e9es jeudi \u00e0 Istanbul, en Turquie, et devrait parvenir le 31 d\u00e9cembre prochain en Syrie apr\u00e8s l&rsquo;ach\u00e8vement des proc\u00e9dures douani\u00e8res turques, a annonc\u00e9 vendredi \u00e0 l&rsquo;AFP une porte-parole de l&rsquo;OMS.<\/p>\n\n\n\n<p class=\"wp-block-paragraph\">L\u2019UE avait annonc\u00e9 mi-d\u00e9cembre le lancement d&rsquo;un pont a\u00e9rien humanitaire destin\u00e9 \u00e0 la Syrie, via la Turquie, premi\u00e8re aide europ\u00e9enne de ce type depuis la chute du pr\u00e9sident Bachar al-Assad.<\/p>\n\n\n\n<p class=\"wp-block-paragraph\">L&rsquo;aide comprend des kits de chirurgie d&rsquo;urgence pour les traumatismes et des m\u00e9dicaments essentiels, a pr\u00e9cis\u00e9 Mrinalini Santhanam, charg\u00e9e des relations presse de l&rsquo;OMS \u00e0 Gaziantep, dans le sud de la Turquie.<\/p>\n\n\n\n<p class=\"wp-block-paragraph\">\u00ab\u00a0Les fournitures seront distribu\u00e9es aux \u00e9tablissements de sant\u00e9 et aux m\u00e9decins en Syrie selon les principes humanitaires afin que toute la Syrie, Idleb et Alep en particulier, puisse en b\u00e9n\u00e9ficier\u00a0\u00bb, a affirm\u00e9 Lorenzo Dal Monte, analyste de planification \u00e0 l&rsquo;OMS. Ce mat\u00e9riel permettra de \u00ab\u00a0pratiquer des milliers d&rsquo;op\u00e9rations chirurgicales et de soigner les bless\u00e9s\u00a0\u00bb, a-t-il ajout\u00e9. (27 d\u00e9cembre 2024)<\/p>\n","protected":false},"excerpt":{"rendered":"<p>Cinquante tonnes d&rsquo;aide humanitaire, compos\u00e9es de fournitures m\u00e9dicales, financ\u00e9es par l&rsquo;Union europ\u00e9enne et coordonn\u00e9es par l&rsquo;Organisation mondiale de la Sant\u00e9 (OMS), devraient arriver le 31 d\u00e9cembre prochain en Syrie.<\/p>\n","protected":false},"author":21,"featured_media":793826,"comment_status":"closed","ping_status":"closed","sticky":false,"template":"","format":"standard","meta":{"_acf_changed":false,"_et_pb_use_builder":"","_et_pb_old_content":"","_et_gb_content_width":"","footnotes":""},"categories":[45],"tags":[],"class_list":["post-793710","post","type-post","status-publish","format-standard","has-post-thumbnail","hentry","category-europe-in-brief"],"acf":[],"_links":{"self":[{"href":"https:\/\/europeannewsroom.com\/fr\/wp-json\/wp\/v2\/posts\/793710","targetHints":{"allow":["GET"]}}],"collection":[{"href":"https:\/\/europeannewsroom.com\/fr\/wp-json\/wp\/v2\/posts"}],"about":[{"href":"https:\/\/europeannewsroom.com\/fr\/wp-json\/wp\/v2\/types\/post"}],"author":[{"embeddable":true,"href":"https:\/\/europeannewsroom.com\/fr\/wp-json\/wp\/v2\/users\/21"}],"replies":[{"embeddable":true,"href":"https:\/\/europeannewsroom.com\/fr\/wp-json\/wp\/v2\/comments?post=793710"}],"version-history":[{"count":0,"href":"https:\/\/europeannewsroom.com\/fr\/wp-json\/wp\/v2\/posts\/793710\/revisions"}],"wp:featuredmedia":[{"embeddable":true,"href":"https:\/\/europeannewsroom.com\/fr\/wp-json\/wp\/v2\/media\/793826"}],"wp:attachment":[{"href":"https:\/\/europeannewsroom.com\/fr\/wp-json\/wp\/v2\/media?parent=793710"}],"wp:term":[{"taxonomy":"category","embeddable":true,"href":"https:\/\/europeannewsroom.com\/fr\/wp-json\/wp\/v2\/categories?post=793710"},{"taxonomy":"post_tag","embeddable":true,"href":"https:\/\/europeannewsroom.com\/fr\/wp-json\/wp\/v2\/tags?post=793710"}],"curies":[{"name":"wp","href":"https:\/\/api.w.org\/{rel}","templated":true}]}}