{"id":914244,"date":"2025-02-05T12:30:10","date_gmt":"2025-02-05T11:30:10","guid":{"rendered":"https:\/\/europeannewsroom.com\/?p=914244"},"modified":"2025-02-05T12:30:15","modified_gmt":"2025-02-05T11:30:15","slug":"economie-leurope-veut-rester-dans-la-cour-des-grands","status":"publish","type":"post","link":"https:\/\/europeannewsroom.com\/fr\/economie-leurope-veut-rester-dans-la-cour-des-grands\/","title":{"rendered":"Economie : L\u2019Europe veut rester dans la cour des grands"},"content":{"rendered":"\n<p class=\"wp-block-paragraph\">\u00ab&nbsp;L\u2019Europe a tout ce dont elle a besoin pour r\u00e9ussir dans la course au sommet. Mais, en m\u00eame temps, nous devons rem\u00e9dier \u00e0 nos faiblesses pour retrouver notre comp\u00e9titivit\u00e9&nbsp;\u00bb, a d\u00e9clar\u00e9 la pr\u00e9sidente de la Commission europ\u00e9enne, <strong>Ursula von der Leyen,<\/strong> lors de la pr\u00e9sentation d\u2019une feuille de route visant \u00e0 renforcer le dynamisme de l\u2019Union.<\/p>\n\n\n\n<p class=\"wp-block-paragraph\">Cette \u00ab&nbsp;Boussole pour la comp\u00e9titivit\u00e9&nbsp;\u00bb est une strat\u00e9gie \u00e9conomique qui implique de stimuler l&rsquo;innovation, de promouvoir une industrie propre et de r\u00e9duire les d\u00e9pendances ext\u00e9rieures pour pouvoir rivaliser avec des puissances mondiales telles que les \u00c9tats-Unis ou la Chine.<\/p>\n\n\n\n<p class=\"wp-block-paragraph\">\u00ab&nbsp;Au cours des 20 \u00e0 25 derni\u00e8res ann\u00e9es, notre mod\u00e8le \u00e9conomique s\u2019est essentiellement appuy\u00e9 sur une main-d\u2019\u0153uvre chinoise bon march\u00e9, sur une \u00e9nergie pr\u00e9sum\u00e9e bon march\u00e9 en provenance de Russie, et sur une sous-traitance partielle des investissements en mati\u00e8re de s\u00e9curit\u00e9. Ces jours sont r\u00e9volus&nbsp;\u00bb, a d\u00e9clar\u00e9 von der Leyen.<\/p>\n\n\n\n<p class=\"wp-block-paragraph\">Pour soulager les entreprises et attirer de nouveaux investissements, la Commission a promis une r\u00e9duction \u00ab&nbsp;sans pr\u00e9c\u00e9dent&nbsp;\u00bb des formalit\u00e9s administratives afin de r\u00e9duire la charge bureaucratique et de simplifier les obligations de documentation des grosses entreprises de 35&nbsp;% et des PME de 25&nbsp;%.<\/p>\n\n\n\n<p class=\"wp-block-paragraph\">Selon von der Leyen, la r\u00e9duction des formalit\u00e9s pourrait permettre aux entreprises europ\u00e9ennes d\u2019\u00e9conomiser plus de 37 milliards d\u2019euros par an.<\/p>\n\n\n\n<p class=\"wp-block-paragraph\">Le plan d\u2019action de la Commission s\u2019appuie sur des rapports r\u00e9dig\u00e9s l\u2019ann\u00e9e derni\u00e8re par deux anciens Premiers ministres italiens&nbsp;: <strong>Mario Draghi<\/strong> (2021-2022) et <strong>Enrico Letta<\/strong> (2013-2014).<\/p>\n\n\n\n<p class=\"wp-block-paragraph\">\u00c9conomiste exp\u00e9riment\u00e9, Draghi a \u00e9galement \u00e9t\u00e9 pr\u00e9sident de la Banque centrale europ\u00e9enne entre 2011 et 2019. Selon son rapport, l&rsquo;UE devra investir entre 750 et 800 milliards d&rsquo;euros par an pour r\u00e9duire l&rsquo;\u00e9cart avec ses concurrents et parvenir \u00e0 une nouvelle croissance \u00e9conomique.<\/p>\n\n\n\n<p class=\"wp-block-paragraph\">Le vice-pr\u00e9sident ex\u00e9cutif de la Commission europ\u00e9enne charg\u00e9 de la prosp\u00e9rit\u00e9 et de la strat\u00e9gie industrielle, <strong>St\u00e9phane S\u00e9journ\u00e9<\/strong>, a d\u00e9fini la Boussole comme la \u00ab&nbsp;doctrine \u00e9conomique&nbsp;\u00bb pour les cinq prochaines ann\u00e9es et a expliqu\u00e9 qu&rsquo;elle se traduira par \u00ab&nbsp;la simplification, l&rsquo;investissement et l&rsquo;acc\u00e9l\u00e9ration de nos priorit\u00e9s \u00e9conomiques&nbsp;\u00bb, en mettant la comp\u00e9titivit\u00e9, a-t-il pr\u00e9cis\u00e9, \u00ab&nbsp;au c\u0153ur de chaque euro que nous investissons&nbsp;\u00bb.<\/p>\n\n\n\n<h2 class=\"wp-block-heading\"><strong>Stimuler l\u2019innovation, la croissance (verte) et la s\u00e9curit\u00e9 \u00e9conomique<\/strong><\/h2>\n\n\n\n<p class=\"wp-block-paragraph\">La Boussole pour la comp\u00e9titivit\u00e9 comprend une s\u00e9rie d\u2019initiatives qui doivent encore \u00eatre transform\u00e9es en propositions l\u00e9gislatives concr\u00e8tes.<\/p>\n\n\n\n<p class=\"wp-block-paragraph\">Le premier imp\u00e9ratif pour Bruxelles est de combler l\u2019\u00e9cart d\u2019innovation avec des puissances comme les \u00c9tats-Unis et la Chine, en cr\u00e9ant un environnement favorable \u00e0 la croissance des startups europ\u00e9ennes, notamment dans les secteurs strat\u00e9giques, actuellement ralentie par un acc\u00e8s difficile aux capitaux et une r\u00e9glementation complexe.<\/p>\n\n\n\n<p class=\"wp-block-paragraph\">Selon le pr\u00e9sident de la Conf\u00e9d\u00e9ration de l&rsquo;industrie de la R\u00e9publique tch\u00e8que, J<strong>an Rafaj<\/strong>, la Commission s&rsquo;est r\u00e9cemment concentr\u00e9e davantage sur la r\u00e9glementation que sur le soutien \u00e0 la croissance r\u00e9elle des g\u00e9ants europ\u00e9ens de la technologie.&nbsp; \u00ab&nbsp;Il n&rsquo;y a pas une seule entreprise europ\u00e9enne parmi les dix premiers g\u00e9ants mondiaux&nbsp;\u00bb, a-t-il d\u00e9plor\u00e9.<\/p>\n\n\n\n<p class=\"wp-block-paragraph\">Les entreprises de l\u2019a\u00e9rospatiale et de la mobilit\u00e9 peuvent en b\u00e9n\u00e9ficier, a d\u00e9clar\u00e9 l\u2019eurod\u00e9put\u00e9e bulgare <strong>Eva Maydell<\/strong> au site d\u2019information Club Z, citant en exemple les soci\u00e9t\u00e9s EnduroSat et Dronamics.<\/p>\n\n\n\n<p class=\"wp-block-paragraph\">EnduroSat est l\u2019un des fabricants bulgares de nanosatellites \u00e0 la croissance la plus rapide et un leader dans le secteur spatial du pays. Dronamics est la premi\u00e8re compagnie de drones cargo \u00e0 disposer d&rsquo;une licence pour op\u00e9rer en Europe.<\/p>\n\n\n\n<p class=\"wp-block-paragraph\">Le deuxi\u00e8me objectif majeur est la d\u00e9carbonation de l\u2019industrie. Son principal vecteur sera un plan pour une industrie propre que Bruxelles souhaite d\u00e9voiler fin f\u00e9vrier. Un plan d\u2019action pour une \u00ab&nbsp;\u00e9nergie abordable&nbsp;\u00bb et une mise \u00e0 jour de la loi europ\u00e9enne sur le climat sont \u00e9galement \u00e0 venir.<\/p>\n\n\n\n<p class=\"wp-block-paragraph\">Les mesures incluses dans ce chapitre sont : la r\u00e9vision de la taxe climatique sur les importations de dioxyde de carbone, la promotion d&rsquo;une loi sur l&rsquo;\u00e9conomie circulaire, la publication d&rsquo;une strat\u00e9gie portuaire et <a href=\"https:\/\/europeannewsroom.com\/eu-convenes-strategic-talks-in-push-to-revive-ailing-car-industry\/\">la poursuite du dialogue engag\u00e9 avec l&rsquo;industrie automobile.<\/a><\/p>\n\n\n\n<p class=\"wp-block-paragraph\">L&rsquo;innovation dans ce secteur a pris du retard principalement en raison de d\u00e9cisions politiques au niveau de l&rsquo;UE, ont d\u00e9clar\u00e9 des repr\u00e9sentants du monde politique slov\u00e8ne, de la Banque europ\u00e9enne d&rsquo;investissement ainsi que des \u00e9conomistes et des scientifiques lors d&rsquo;un r\u00e9cent panel organis\u00e9 par le bureau de liaison du Parlement europ\u00e9en en Slov\u00e9nie. Ils ont soulign\u00e9 la n\u00e9cessit\u00e9 d&rsquo;adapter de telles mesures.<\/p>\n\n\n\n<p class=\"wp-block-paragraph\">Le troisi\u00e8me objectif est, selon la Commission, de s&rsquo;attaquer aux d\u00e9pendances strat\u00e9giques de l&rsquo;UE dans un \u00ab&nbsp;syst\u00e8me \u00e9conomique mondial fractur\u00e9 par la concurrence g\u00e9opolitique et les tensions commerciales&nbsp;\u00bb, dans lequel elle est \u00e9galement confront\u00e9e \u00e0 une concurrence d\u00e9loyale de la part de puissances qui restreignent l&rsquo;acc\u00e8s \u00e0 leurs march\u00e9s tout en inondant l&rsquo;Europe avec des biens produits sur la base de subventions publiques massives.<\/p>\n\n\n\n<p class=\"wp-block-paragraph\">Pour renforcer la comp\u00e9titivit\u00e9 de l\u2019UE, Draghi a recommand\u00e9 que les investissements soient en partie financ\u00e9s par les Vingt-Sept au moyen d\u2019emprunts conjoints sur le mod\u00e8le de son instrument historique NextGenerationEU con\u00e7u pour favoriser la reprise apr\u00e8s la pand\u00e9mie de Covid-19.<\/p>\n\n\n\n<p class=\"wp-block-paragraph\">Le Premier ministre portugais <strong>Lu\u00eds Montenegro<\/strong>, par exemple, a pr\u00e9conis\u00e9 une augmentation du budget de l\u2019Union avec davantage de contributions des \u00c9tats membres, une nouvelle \u00e9mission de dette commune et encore plus d\u2019argent priv\u00e9 pour que l\u2019UE puisse investir dans ses priorit\u00e9s.<\/p>\n\n\n\n<p class=\"wp-block-paragraph\">Dans une lettre envoy\u00e9e \u00e0 von der Leyen l\u2019automne dernier, il a demand\u00e9 que le cadre financier pluriannuel (CFP) \u2013 le budget \u00e0 long terme de l\u2019UE \u2013 soit renforc\u00e9 \u00e0 partir de 2028.<\/p>\n\n\n\n<p class=\"wp-block-paragraph\">Cependant, des pays comme l\u2019Allemagne et les Pays-Bas se sont traditionnellement montr\u00e9s sceptiques quant \u00e0 l\u2019id\u00e9e de s\u2019endetter davantage ensemble.<\/p>\n\n\n\n<figure class=\"wp-block-image aligncenter size-full\"><img decoding=\"async\" src=\"https:\/\/europeannewsroom.com\/wp-content\/uploads\/2023\/04\/urnnewsmldpa.com20090101230330-99-144632-v2-s2048.jpeg\" alt=\"\" class=\"wp-image-521505\"\/><figcaption class=\"wp-element-caption\"><em>Des \u00e9oliennes et une  centrale solaire. (Photo : Karl-Josef Hildenbrand\/dpa)<\/em><\/figcaption><\/figure>\n\n\n\n<h2 class=\"wp-block-heading\"><strong>Les d\u00e9fenseurs du climat sur le qui-vive<\/strong><\/h2>\n\n\n\n<p class=\"wp-block-paragraph\">Alors que Bruxelles se concentre d\u00e9sormais sur le renforcement de la comp\u00e9titivit\u00e9 des 27 face aux d\u00e9fis mondiaux, les militants pour le climat et l\u2019environnement restent vigilants quant \u00e0 la compatibilit\u00e9 des nouvelles mesures avec les ambitions vertes de longue date de l\u2019Union.<\/p>\n\n\n\n<p class=\"wp-block-paragraph\">Selon <strong>Marcin Korolec<\/strong>, ancien ministre polonais de l\u2019Environnement, la Boussole \u00ab&nbsp;ne parvient pas \u00e0 r\u00e9pondre clairement au besoin d\u2019investissements substantiels dans les technologies propres et les solutions \u00e9nerg\u00e9tiques moins ch\u00e8res&nbsp;\u00bb.<\/p>\n\n\n\n<p class=\"wp-block-paragraph\">\u00ab\u00a0Nous ne pouvons pas n\u00e9gliger le r\u00f4le central des investissements cibl\u00e9s pour parvenir \u00e0 un prix abordable de l&rsquo;\u00e9nergie et \u00e0 une comp\u00e9titivit\u00e9 \u00e0 long terme face \u00e0 la Chine et aux \u00c9tats-Unis&nbsp;\u00bb, a ajout\u00e9 Korolec, qui dirige d\u00e9sormais un groupe de r\u00e9flexion sur l&rsquo;\u00e9conomie verte.<\/p>\n\n\n\n<p class=\"wp-block-paragraph\" id=\"tw-target-text\"><strong>Anna Stellinger<\/strong>, directrice des affaires internationales et europ\u00e9ennes \u00e0 la Conf\u00e9d\u00e9ration des entreprises su\u00e9doises (Svenskt N\u00e4ringsliv), estime qu&rsquo;une r\u00e9duction \u00ab spectaculaire \u00bb des formalit\u00e9s administratives profiterait \u00e9galement aux ambitions vertes. \u00ab&nbsp;Il est extr\u00eamement important que nous maintenions nos ambitions et nos objectifs \u00bb, a-t-elle dit. \u00ab Nos entreprises ont beaucoup investi (dans ce domaine). Mais les r\u00e8gles doivent \u00eatre plus simples.&nbsp;\u00bb<\/p>\n\n\n\n<p class=\"wp-block-paragraph\">Selon la Conf\u00e9d\u00e9ration de l&rsquo;industrie de la R\u00e9publique tch\u00e8que, les objectifs climatiques europ\u00e9ens doivent tenir compte des diff\u00e9rentes conditions propres \u00e0 chaque \u00c9tat membre et de la disponibilit\u00e9 r\u00e9elle de technologies de d\u00e9carbonation. Pour son pr\u00e9sident, Jan Rafaj, tous les secteurs ne peuvent pas \u00eatre d\u00e9carbon\u00e9s aussi rapidement que l\u2019exige la l\u00e9gislation europ\u00e9enne actuelle.<\/p>\n\n\n\n<p class=\"wp-block-paragraph\">Von der Leyen a soulign\u00e9 que l\u2019Union s\u2019en tiendrait \u00e0 son objectif de parvenir \u00e0 la neutralit\u00e9 carbone d\u2019ici 2050. \u00ab&nbsp;Je veux \u00eatre tr\u00e8s claire, l\u2019Union europ\u00e9enne maintient le cap&nbsp;\u00bb, a-t-elle d\u00e9clar\u00e9.<\/p>\n\n\n\n<p class=\"wp-block-paragraph\">Afin d\u2019am\u00e9liorer la comp\u00e9titivit\u00e9 de l\u2019industrie europ\u00e9enne \u00e0 z\u00e9ro \u00e9mission nette, la Commission devrait d\u00e9voiler le 26 f\u00e9vrier son Clean Industrial Deal (Pacte pour une industrie propre) \u2013 ax\u00e9 principalement sur la transition vers des technologies propres telles que les \u00e9nergies renouvelables, ainsi qu\u2019un plan visant \u00e0 r\u00e9duire consid\u00e9rablement les prix de l\u2019\u00e9nergie.<\/p>\n\n\n\n<p class=\"wp-block-paragraph\">Quelques semaines seulement avant son lancement, le syndicat IndustriAll Europe a appel\u00e9 ses membres \u00e0 se rassembler mercredi 5 f\u00e9vrier \u00e0 Bruxelles pour appeler ensemble \u00e0 un plan fort visant \u00e0 maintenir et cr\u00e9er de emplois p\u00e9rennes dans l&rsquo;industrie europ\u00e9enne.<\/p>\n","protected":false},"excerpt":{"rendered":"<p>L\u2019Union europ\u00e9enne compte reconqu\u00e9rir sa bonne place dans l\u2019\u00e9conomie mondiale gr\u00e2ce \u00e0 une nouvelle strat\u00e9gie visant \u00e0 stimuler l\u2019innovation, r\u00e9duire les formalit\u00e9s administratives et renforcer l\u2019industrie propre. Mais alors que Bruxelles fait pression pour favoriser la croissance, les d\u00e9fenseurs du climat mettent en garde contre un affaiblissement des engagements verts de l\u2019Europe.<\/p>\n","protected":false},"author":21,"featured_media":912311,"comment_status":"closed","ping_status":"closed","sticky":false,"template":"","format":"standard","meta":{"_acf_changed":true,"_et_pb_use_builder":"","_et_pb_old_content":"","_et_gb_content_width":"","footnotes":""},"categories":[39],"tags":[1903,14187,1783,13549],"class_list":["post-914244","post","type-post","status-publish","format-standard","has-post-thumbnail","hentry","category-key-story","tag-climat","tag-ecologie","tag-economie-2","tag-industrie-2"],"acf":[],"_links":{"self":[{"href":"https:\/\/europeannewsroom.com\/fr\/wp-json\/wp\/v2\/posts\/914244","targetHints":{"allow":["GET"]}}],"collection":[{"href":"https:\/\/europeannewsroom.com\/fr\/wp-json\/wp\/v2\/posts"}],"about":[{"href":"https:\/\/europeannewsroom.com\/fr\/wp-json\/wp\/v2\/types\/post"}],"author":[{"embeddable":true,"href":"https:\/\/europeannewsroom.com\/fr\/wp-json\/wp\/v2\/users\/21"}],"replies":[{"embeddable":true,"href":"https:\/\/europeannewsroom.com\/fr\/wp-json\/wp\/v2\/comments?post=914244"}],"version-history":[{"count":0,"href":"https:\/\/europeannewsroom.com\/fr\/wp-json\/wp\/v2\/posts\/914244\/revisions"}],"wp:featuredmedia":[{"embeddable":true,"href":"https:\/\/europeannewsroom.com\/fr\/wp-json\/wp\/v2\/media\/912311"}],"wp:attachment":[{"href":"https:\/\/europeannewsroom.com\/fr\/wp-json\/wp\/v2\/media?parent=914244"}],"wp:term":[{"taxonomy":"category","embeddable":true,"href":"https:\/\/europeannewsroom.com\/fr\/wp-json\/wp\/v2\/categories?post=914244"},{"taxonomy":"post_tag","embeddable":true,"href":"https:\/\/europeannewsroom.com\/fr\/wp-json\/wp\/v2\/tags?post=914244"}],"curies":[{"name":"wp","href":"https:\/\/api.w.org\/{rel}","templated":true}]}}