{"id":99769,"date":"2023-02-14T07:09:00","date_gmt":"2023-02-14T06:09:00","guid":{"rendered":"https:\/\/enr.today\/?p=99769"},"modified":"2023-02-13T16:58:03","modified_gmt":"2023-02-13T15:58:03","slug":"un-gazoduc-alimentant-en-partie-lue-intact-apres-les-seismes-en-turquie","status":"publish","type":"post","link":"https:\/\/europeannewsroom.com\/fr\/un-gazoduc-alimentant-en-partie-lue-intact-apres-les-seismes-en-turquie\/","title":{"rendered":"Un gazoduc alimentant l\u2019UE intact apr\u00e8s les s\u00e9ismes en Turquie"},"content":{"rendered":"\n<p class=\"wp-block-paragraph\">Un gazoduc en provenance de l&rsquo;Azerba\u00efdjan et traversant la Turquie, le TANAP, aurait \u00e9t\u00e9 d\u00e9truit suite aux tremblements de terre qui ont frapp\u00e9 le pays. C&rsquo;est en tout cas ce qu&rsquo;avancent certains&nbsp;<a rel=\"noreferrer noopener\" href=\"https:\/\/web.archive.org\/web\/20230210082255\/https:\/\/m.facebook.com\/photo\/?fbid=10229875412014650&amp;set=a.10200942472509245\" target=\"_blank\">internautes<\/a>&nbsp;sur les r\u00e9seaux sociaux. Ce pipeline serait le fournisseur principal de gaz pour l&rsquo;Union europ\u00e9enne, ce qui aurait pour cons\u00e9quence de d\u00e9clencher une p\u00e9nurie d&rsquo;approvisionnement. Mais ce transporteur gazier a-t-il vraiment \u00e9t\u00e9 touch\u00e9 ?<\/p>\n\n\n\n<h2 class=\"wp-block-heading\">\u00c9valuation<\/h2>\n\n\n\n<p class=\"wp-block-paragraph\">Le gazoduc TANAP n&rsquo;a pas \u00e9t\u00e9 d\u00e9truit suite aux s\u00e9ismes survenus en Turquie ce lundi 6 f\u00e9vrier 2023. Il n&rsquo;est pas non plus le fournisseur principal de gaz pour l&rsquo;UE.<\/p>\n\n\n\n<h2 class=\"wp-block-heading\">Faits<\/h2>\n\n\n\n<p class=\"wp-block-paragraph\">Le&nbsp;<a href=\"https:\/\/www.tanap.com\/en\/tanap-project\" target=\"_blank\" rel=\"noreferrer noopener\">TANAP<\/a>&nbsp;est le gazoduc transanatolien qui traverse la Turquie pour rejoindre la fronti\u00e8re avec la Gr\u00e8ce. Long de&nbsp;<a href=\"https:\/\/www.tanap.com\/en\/release-16#:~:text=TANAP%20is%20the%20longest%20and%20largest%20diameter%20natural%20gas%20pipeline%20in%20Turkey%2C%20the%20Middle%20East%20and%20Europe%2C%20stretching%201%2C850%20kilometers\" target=\"_blank\" rel=\"noreferrer noopener\">1 850 kilom\u00e8tres<\/a>, il permet d&rsquo;acheminer le gaz d&rsquo;Azerba\u00efdjan vers l&rsquo;Union europ\u00e9enne.<\/p>\n\n\n\n<p class=\"wp-block-paragraph\">Parmi ses&nbsp;<a href=\"https:\/\/www.tanap.com\/en\/shareholders\" target=\"_blank\" rel=\"noreferrer noopener\">actionnaires<\/a>, on retrouve la compagnie britannique de raffinage et de vente de p\u00e9trole&nbsp;<a href=\"http:\/\/www.bp.com\/\" target=\"_blank\" rel=\"noreferrer noopener\">BP<\/a>. Contact\u00e9 par la dpa, le bureau de presse de BP a confirm\u00e9 qu&rsquo;il n&rsquo;y a eu aucune incidence sur TANAP et que les activit\u00e9s d&rsquo;exportation de gaz se poursuivent normalement.<\/p>\n\n\n\n<p class=\"wp-block-paragraph\">Le groupe d&rsquo;infrastructures \u00e9nerg\u00e9tiques ind\u00e9pendant&nbsp;<a href=\"https:\/\/www.fluxys.com\/fr#\/\" target=\"_blank\" rel=\"noreferrer noopener\">Fluxys<\/a>, actif notamment dans le stockage et le transport de gaz, va dans le m\u00eame sens que BP en affirmant \u00e0 la dpa que, d&rsquo;apr\u00e8s leurs informations, \u00ab il n\u2019y aurait pas eu d\u2019interruption des flux dans TANAP \u00bb.<\/p>\n\n\n\n<p class=\"wp-block-paragraph\">De plus, aucune communication officielle n&rsquo;a \u00e9t\u00e9 faite sur le&nbsp;<a href=\"https:\/\/www.tanap.com\/en\/press-releases\" target=\"_blank\" rel=\"noreferrer noopener\">site internet<\/a>&nbsp;TANAP, ni sur sa page&nbsp;<a href=\"https:\/\/twitter.com\/tanapofficial\" target=\"_blank\" rel=\"noreferrer noopener\">Twitter<\/a>.<\/p>\n\n\n\n<p class=\"wp-block-paragraph\"><strong>Situations g\u00e9ographiques diff\u00e9rentes<\/strong><\/p>\n\n\n\n<p class=\"wp-block-paragraph\">Une&nbsp;<a rel=\"noreferrer noopener\" href=\"https:\/\/www.tanap.com\/en\/route-above-ground-installations\" target=\"_blank\">carte<\/a>&nbsp;de TANAP permet de constater que ce dernier traverse la Turquie par le nord, tandis que les deux s\u00e9ismes du 6 f\u00e9vrier se sont produits dans le&nbsp;<a rel=\"noreferrer noopener\" href=\"https:\/\/www.google.com\/maps\/@38.1722985,32.3682826,5.8z\/data=!4m2!21m1!1s%2Fg%2F11shww_tpt\" target=\"_blank\">sud-est du pays<\/a>, dans la province de&nbsp;<a rel=\"noreferrer noopener\" href=\"https:\/\/information.tv5monde.com\/info\/direct-seisme-en-turquie-et-en-syrie-plus-de-5000-morts-selon-un-nouveau-bilan-provisoire#:~:text=la%20province%20de%20Kahramanmaras\" target=\"_blank\">Kahramanmaras<\/a>. Le premier tremblement de terre a eu lieu en pleine nuit dans le district de&nbsp;<a rel=\"noreferrer noopener\" href=\"https:\/\/information.tv5monde.com\/info\/direct-seisme-en-turquie-et-en-syrie-plus-de-5000-morts-selon-un-nouveau-bilan-provisoire#:~:text=La%20premi%C3%A8re%20secousse%2C%20d%27une%20magnitude%20de%207.8%2C%20s%27est%20produite%20le%206%20f%C3%A9vrier%C2%A0%C3%A0%2004H17%20locales.%C2%A0Elle%20est%20survenue%20dans%20le%20district%20de%20Pazarcik%2C%20dans%20la%20province%20de%20Kahramanmaras\" target=\"_blank\">Pazar<\/a><a rel=\"noreferrer noopener\" href=\"http:\/\/information.tv5monde.com\/info\/direct-seisme-en-turquie-et-en-syrie-plus-de-5000-morts-selon-un-nouveau-bilan-provisoire#:~:text=La%20premi%C3%A8re%20secousse%2C%20d%27une%20magnitude%20de%207.8%2C%20s%27est%20produite%20le%206%20f%C3%A9vrier%C2%A0%C3%A0%2004H17%20locales.%C2%A0Elle%20est%20survenue%20dans%20le%20district%20de%20Pazarcik%2C%20dans%20la%20province%20de%20Kahramanmaras\" target=\"_blank\">cik<\/a>, tandis que le second, intervenu quelques heures plus tard, s&rsquo;est produit \u00e0 quelques kilom\u00e8tres de la ville d&rsquo;<a rel=\"noreferrer noopener\" href=\"https:\/\/information.tv5monde.com\/info\/direct-seisme-en-turquie-et-en-syrie-plus-de-5000-morts-selon-un-nouveau-bilan-provisoire#:~:text=nouveau%C2%A0s%C3%A9isme%C2%A0de%20magnitude%207.5%2C%20%C3%A0%2010H24%20GMT%2C%20toujours%20dans%20le%20sud%2Dest%20de%20la%20Turquie%2C%20%C3%A0%204%20kilom%C3%A8tres%20au%20sud%2Dest%20de%20la%20ville%20d%27Ekinozu.\" target=\"_blank\">Ekinozu<\/a>, toujours dans le sud-est de la Turquie.<\/p>\n\n\n\n<p class=\"wp-block-paragraph\">Au niveau de l&rsquo;intensit\u00e9 du s\u00e9isme, d&rsquo;autres cartes, comme&nbsp;<a href=\"http:\/\/img.lemde.fr\/2023\/02\/06\/c7f37d6_1675696045091-inter-0623-turquie-syrie-seisme-web-700px.png\" target=\"_blank\" rel=\"noreferrer noopener\">celle-ci<\/a>&nbsp;et&nbsp;<a href=\"http:\/\/s.france24.com\/media\/display\/12316016-a6f1-11ed-be3c-005056bfb2b6\/seisme-turquie-2-%C3%A9picentres-F24-FR.webp\" target=\"_blank\" rel=\"noreferrer noopener\">celle-ci<\/a>, permettent de d\u00e9montrer que le nord du pays a ressenti les tremblements de terre de mani\u00e8re plut\u00f4t mod\u00e9r\u00e9e.<\/p>\n\n\n\n<p class=\"wp-block-paragraph\"><strong>Diversification d&rsquo;approvisionnement<\/strong><\/p>\n\n\n\n<p class=\"wp-block-paragraph\">Dans leurs publications, les internautes affirment que le TANAP \u00e9tait devenu la source principale de gaz pour l&rsquo;UE suite au&nbsp;<a href=\"http:\/\/www.rtbf.be\/article\/nord-stream-1-et-2-la-suede-confirme-le-sabotage-des-gazoducs-11106777#:~:text=Nord%20Stream%201%20et%202%C2%A0%3A%20la%20Su%C3%A8de%20confirme%20le%20sabotage%20des%20gazoducs\" target=\"_blank\" rel=\"noreferrer noopener\">sabotage<\/a>&nbsp;des gazoducs Nord Stream 1 et 2, dont la&nbsp;<a href=\"https:\/\/www.tf1info.fr\/international\/enquete-fuites-inexpliquees-gazoducs-nord-stream-entre-sabotage-russe-et-responsabilite-americaine-les-theories-se-multiplient-2233739.html#:~:text=Reste%20%C3%A0%20d%C3%A9terminer%20les%20responsables%20de%20ce%20sabotage%2C%20une%20mission%20d%C3%A9licate%20alors%20que%20les%20accusations%20se%20multiplient%2C%20le%20plus%20souvent%20sans%20m%C3%AAme%20chercher%20%C3%A0%20apporter%20de%20preuves.\" target=\"_blank\" rel=\"noreferrer noopener\">responsabilit\u00e9&nbsp;<\/a>reste \u00e0 d\u00e9terminer. Ces transporteurs gaziers permettaient d&rsquo;acheminer le&nbsp;<a href=\"https:\/\/www.rtbf.be\/article\/nord-stream-1-et-2-la-suede-confirme-le-sabotage-des-gazoducs-11106777#:~:text=les%20gazoducs%20Nord%20Stream%201%20et%202%20en%20mer%20Baltique%2C%20construits%20pour%20acheminer%20le%20gaz%20russe%20en%20Europe%2C\" target=\"_blank\" rel=\"noreferrer noopener\">gaz russe<\/a>&nbsp;vers l&rsquo;UE par la mer baltique.<\/p>\n\n\n\n<p class=\"wp-block-paragraph\">Toutefois, le gazoduc transanatolien n&rsquo;est pas le principal fournisseur en gaz de l&rsquo;UE. En juillet dernier, la pr\u00e9sidente de la Commission europ\u00e9enne Ursula von der Leyen a en effet annonc\u00e9 avoir conclu un accord avec&nbsp;<a href=\"https:\/\/www.france24.com\/fr\/info-en-continu\/20220718-gaz-l-ue-se-tourne-vers-l-azerba%C3%AFdjan-pour-diversifier-ses-approvisionnements\" target=\"_blank\" rel=\"noreferrer noopener\">l&rsquo;Azerba\u00efdjan<\/a>&nbsp;pour doubler les importations de gaz vers l&rsquo;Europe. Cet arrangement&nbsp;fait partie d&rsquo;un plan plus large lanc\u00e9 en mai 2022,&nbsp;\u00ab&nbsp;<a href=\"https:\/\/ec.europa.eu\/commission\/presscorner\/detail\/fr\/ip_22_3131\" target=\"_blank\" rel=\"noreferrer noopener\">REPowerEU<\/a>&nbsp;\u00bb. Les objectifs sont de s\u00e9curiser l&rsquo;approvisionnement de l&rsquo;UE en gaz et d\u2019acc\u00e9l\u00e9rer sa transition \u00e9cologique.<\/p>\n\n\n\n<p class=\"wp-block-paragraph\">C&rsquo;est dans ce cadre qu&rsquo;en juin 2022, Ursula von der Leyen s&rsquo;est rendue en \u00c9gypte o\u00f9 elle a sign\u00e9 un&nbsp;<a href=\"https:\/\/france.representation.ec.europa.eu\/informations\/lue-et-legypte-intensifient-leur-cooperation-sur-le-climat-lenergie-et-la-transition-ecologique-2022-06-15_fr#:~:text=Aujourd%27hui%20au%20Caire%2C%20la%20commissaire%20europ%C3%A9enne%20%C3%A0%20l%27%C3%A9nergie%20Kadri%C2%A0Simson%2C%20et%20les%20ministres%20El%20Molla%20et%20Elharrar%20ont%20sign%C3%A9%20un%20protocole%20d%27accord%20trilat%C3%A9ral%20entre%20l%27UE%2C%20l%27%C3%89gypte%20et%20Isra%C3%ABl%20en%20vue%20de%20l%27exportation%20de%20gaz%20naturel%20vers%20l%27Europe.\" target=\"_blank\" rel=\"noreferrer noopener\">protocole d&rsquo;accord trilat\u00e9ral<\/a>&nbsp;entre l&rsquo;UE, l\u2019\u00c9gypte et Isra\u00ebl pour l&rsquo;acheminement de gaz naturel vers l\u2019Europe. Depuis l&rsquo;invasion russe en Ukraine, le vieux continent cherche donc \u00e0&nbsp;<a href=\"http:\/\/www.consilium.europa.eu\/fr\/infographics\/eu-gas-supply\/#:~:text=elle%20diversifie%20constamment%20ses%20fournisseurs%20de%20gaz.%20L%27invasion%20injustifi%C3%A9e%20et%20non%20provoqu%C3%A9e%20de%20l%27Ukraine%20par%20la%20Russie%20et%20l%27utilisation%20de%20l%27%C3%A9nergie%20comme%20d%27une%20arme%20ont%20rendu%20la%20diversification%20de%20l%27approvisionnement%20encore%20plus%20prioritaire%20pour%20l%27UE.\" target=\"_blank\" rel=\"noreferrer noopener\">diversifier<\/a>&nbsp;ses pistes d&rsquo;approvisionnement pour mettre fin \u00e0 sa d\u00e9pendance envers la Russie.<\/p>\n\n\n\n<p class=\"wp-block-paragraph\">La diminution de cet apport est d\u00e9j\u00e0 constat\u00e9e : de janvier \u00e0 novembre 2022, moins d&rsquo;un quart des&nbsp;<a rel=\"noreferrer noopener\" href=\"https:\/\/www.consilium.europa.eu\/fr\/infographics\/eu-gas-supply\/#:~:text=Entre%20janvier%20et%20novembre%C2%A02022%2C%20la%20Russie%20(importations%20de%20gaz%20par%20gazoduc%20et%20de%20GNL)%20a%20repr%C3%A9sent%C3%A9%20moins%20d%27un%20quart%20des%20importations%20de%20gaz%20dans%20l%27UE.\" target=\"_blank\">importations de gaz<\/a>&nbsp;de l&rsquo;UE venait de Russie. Parmi les autres&nbsp;<a rel=\"noreferrer noopener\" href=\"https:\/\/www.consilium.europa.eu\/fr\/infographics\/eu-gas-supply\/#:~:text=Sources%20d%27importation%20de%20gaz%20(janvier%2Dnovembre%C2%A02022)\" target=\"_blank\">fournisseurs<\/a>&nbsp;de gaz, on retrouve la Norv\u00e8ge, l&rsquo;Alg\u00e9rie ainsi que les \u00c9tats-Unis, le Qatar et le Nigeria pour l&rsquo;importation de&nbsp;<a rel=\"noreferrer noopener\" href=\"https:\/\/www.gaz-mobilite.fr\/dossiers\/gnl-gaz-naturel-liquefie-definition\/#:~:text=L%27acronyme%20GNL%20est%20employ%C3%A9%20pour%20d%C3%A9signer%20un%20gaz%20ayant%20%C3%A9t%C3%A9%20condens%C3%A9%20sous%20forme%20liquide.%20Pour%20r%C3%A9ussir%20ce%20tour%20de%20force%2C%20les%20industriels%20refroidissent%20le%20gaz%20%C3%A0%20%2D160%20%C2%B0C.\" target=\"_blank\">gaz naturel liqu\u00e9fi\u00e9<\/a>&nbsp;(GNL).<\/p>\n\n\n\n<p class=\"wp-block-paragraph\"><strong>De nombreuses fake news<\/strong><\/p>\n\n\n\n<p class=\"wp-block-paragraph\">Avec un bilan s\u2019\u00e9levant \u00e0 <a href=\"https:\/\/fr.euronews.com\/2023\/02\/12\/seisme-en-turquie-et-en-syrie-plus-de-30-000-morts-annonces\">plus de 30 000 morts<\/a>, les s\u00e9ismes ayant touch\u00e9 la Turquie et la Syrie sont devenus le sujet d\u2019actualit\u00e9 num\u00e9ro un du moment. Il est parfois difficile de d\u00e9m\u00ealer le vrai du faux des images qui circulent sur les r\u00e9seaux sociaux.<\/p>\n\n\n\n<p class=\"wp-block-paragraph\">Certaines photos ou vid\u00e9os relay\u00e9es en ligne, \u00e9galement dans des pays de l\u2019UE, ne s\u2019inscrivent en effet pas dans le contexte de ces tremblements de terre. La dpa a d\u00e9j\u00e0 donn\u00e9 quelques exemples de tels d\u00e9tournements, comme <a href=\"https:\/\/dpa-factchecking.com\/netherlands\/230209-99-535520\/\">ici<\/a> et <a href=\"https:\/\/dpa-factchecking.com\/netherlands\/230209-99-534923\/\">ici<\/a> aux Pays-Bas ou <a href=\"https:\/\/dpa-factchecking.com\/germany\/230207-99-506329\/\">ici<\/a> en Allemagne. &nbsp;<\/p>\n\n\n\n<h2 class=\"wp-block-heading\">Liens<\/h2>\n\n\n\n<p class=\"wp-block-paragraph\"><a href=\"https:\/\/www.facebook.com\/photo\/?fbid=10229875412014650&amp;set=a.10200942472509245\" target=\"_blank\" rel=\"noreferrer noopener\">Publication Facebook<\/a>&nbsp;(<a href=\"https:\/\/web.archive.org\/web\/20230210082255\/https:\/\/m.facebook.com\/photo\/?fbid=10229875412014650&amp;set=a.10200942472509245\" target=\"_blank\" rel=\"noreferrer noopener\">version archiv\u00e9e<\/a>)<\/p>\n\n\n\n<p class=\"wp-block-paragraph\"><a href=\"http:\/\/www.tanap.com\/en\/tanap-project\" target=\"_blank\" rel=\"noreferrer noopener\">Projet TANAP<\/a>&nbsp;(<a href=\"https:\/\/web.archive.org\/web\/20230210105259\/https:\/\/www.tanap.com\/en\/tanap-project\" target=\"_blank\" rel=\"noreferrer noopener\">version archiv\u00e9e<\/a>)<\/p>\n\n\n\n<p class=\"wp-block-paragraph\"><a href=\"https:\/\/www.tanap.com\/en\/release-16\" target=\"_blank\" rel=\"noreferrer noopener\">Communiqu\u00e9 de presse TANAP c\u00e9r\u00e9monie d&rsquo;inauguration<\/a>&nbsp;(<a href=\"https:\/\/web.archive.org\/web\/20230209154959\/https:\/\/www.tanap.com\/en\/release-16\" target=\"_blank\" rel=\"noreferrer noopener\">version archiv\u00e9e<\/a>)<\/p>\n\n\n\n<p class=\"wp-block-paragraph\"><a href=\"https:\/\/www.tanap.com\/en\/shareholders\" target=\"_blank\" rel=\"noreferrer noopener\">Actionnaires TANAP<\/a>&nbsp;(<a href=\"https:\/\/web.archive.org\/web\/20230209161237\/https:\/\/www.tanap.com\/en\/shareholders\" target=\"_blank\" rel=\"noreferrer noopener\">version archiv\u00e9e<\/a>)<\/p>\n\n\n\n<p class=\"wp-block-paragraph\"><a href=\"https:\/\/www.bp.com\/\" target=\"_blank\" rel=\"noreferrer noopener\">Site internet BP<\/a>&nbsp;(<a href=\"https:\/\/web.archive.org\/web\/20230210105542\/https:\/\/www.bp.com\/\" target=\"_blank\" rel=\"noreferrer noopener\">version archiv\u00e9e<\/a>)<\/p>\n\n\n\n<p class=\"wp-block-paragraph\"><a href=\"http:\/\/www.fluxys.com\/fr#\/\" target=\"_blank\" rel=\"noreferrer noopener\">Site internet Fluxys<\/a>&nbsp;(<a href=\"https:\/\/web.archive.org\/web\/20230210105714\/https:\/\/www.fluxys.com\/fr#\/\" target=\"_blank\" rel=\"noreferrer noopener\">version archiv\u00e9e<\/a>)<\/p>\n\n\n\n<p class=\"wp-block-paragraph\"><a href=\"https:\/\/www.tanap.com\/en\/press-releases\" target=\"_blank\" rel=\"noreferrer noopener\">Page communiqu\u00e9s de presse TANAP<\/a>&nbsp;(<a href=\"https:\/\/web.archive.org\/web\/20220809202117\/https:\/\/www.tanap.com\/en\/press-releases\" target=\"_blank\" rel=\"noreferrer noopener\">version archiv\u00e9e<\/a>)<\/p>\n\n\n\n<p class=\"wp-block-paragraph\"><a href=\"https:\/\/twitter.com\/tanapofficial\" target=\"_blank\" rel=\"noreferrer noopener\">Compte Twitter TANAP<\/a>&nbsp;(<a href=\"https:\/\/archive.ph\/P3JW0\" target=\"_blank\" rel=\"noreferrer noopener\">version archiv\u00e9e<\/a>)<\/p>\n\n\n\n<p class=\"wp-block-paragraph\"><a href=\"https:\/\/www.tanap.com\/en\/route-above-ground-installations\" target=\"_blank\" rel=\"noreferrer noopener\">Carte gazoduc TANAP<\/a>&nbsp;(<a href=\"https:\/\/web.archive.org\/web\/20230210105830\/https:\/\/www.tanap.com\/en\/route-above-ground-installations\" target=\"_blank\" rel=\"noreferrer noopener\">version archiv\u00e9e<\/a>)<\/p>\n\n\n\n<p class=\"wp-block-paragraph\"><a href=\"https:\/\/www.google.com\/maps\/@38.3578461,32.7841754,5.97z\/data=!4m2!21m1!1s%2Fg%2F11shww_tpt\" target=\"_blank\" rel=\"noreferrer noopener\">Google Maps s\u00e9ismes Turquie<\/a>&nbsp;(<a href=\"https:\/\/archive.ph\/PzORO\" target=\"_blank\" rel=\"noreferrer noopener\">version archiv\u00e9e<\/a>)<\/p>\n\n\n\n<p class=\"wp-block-paragraph\"><a href=\"https:\/\/information.tv5monde.com\/info\/direct-seisme-en-turquie-et-en-syrie-plus-de-5000-morts-selon-un-nouveau-bilan-provisoire\" target=\"_blank\" rel=\"noreferrer noopener\">Article TV5MONDE s\u00e9isme en Turquie et en Syrie<\/a>&nbsp;(<a href=\"https:\/\/web.archive.org\/web\/20230210101625\/https:\/\/information.tv5monde.com\/info\/direct-seisme-en-turquie-et-en-syrie-plus-de-5000-morts-selon-un-nouveau-bilan-provisoire\" target=\"_blank\" rel=\"noreferrer noopener\">version archiv\u00e9e<\/a>)<\/p>\n\n\n\n<p class=\"wp-block-paragraph\"><a href=\"https:\/\/img.lemde.fr\/2023\/02\/06\/c7f37d6_1675696045091-inter-0623-turquie-syrie-seisme-web-700px.png\" target=\"_blank\" rel=\"noreferrer noopener\">Carte Le Monde s\u00e9ismes Turquie<\/a>&nbsp;(<a href=\"https:\/\/web.archive.org\/web\/20230209023153\/https:\/\/img.lemde.fr\/2023\/02\/06\/c7f37d6_1675696045091-inter-0623-turquie-syrie-seisme-web-700px.png\" target=\"_blank\" rel=\"noreferrer noopener\">version archiv\u00e9e<\/a>)<\/p>\n\n\n\n<p class=\"wp-block-paragraph\"><a href=\"https:\/\/s.france24.com\/media\/display\/12316016-a6f1-11ed-be3c-005056bfb2b6\/seisme-turquie-2-%C3%A9picentres-F24-FR.webp\" target=\"_blank\" rel=\"noreferrer noopener\">Carte France 24 s\u00e9ismes Turquie<\/a>&nbsp;(<a href=\"https:\/\/web.archive.org\/web\/20230209034748\/https:\/\/s.france24.com\/media\/display\/12316016-a6f1-11ed-be3c-005056bfb2b6\/seisme-turquie-2-%C3%A9picentres-F24-FR.webp\" target=\"_blank\" rel=\"noreferrer noopener\">version archiv\u00e9e<\/a>)<\/p>\n\n\n\n<p class=\"wp-block-paragraph\"><a href=\"https:\/\/www.rtbf.be\/article\/nord-stream-1-et-2-la-suede-confirme-le-sabotage-des-gazoducs-11106777\" target=\"_blank\" rel=\"noreferrer noopener\">Article RTBF sabotage Nord Stream 1 et 2<\/a>&nbsp;(<a href=\"https:\/\/web.archive.org\/web\/20230210101459\/https:\/\/www.rtbf.be\/article\/nord-stream-1-et-2-la-suede-confirme-le-sabotage-des-gazoducs-11106777\" target=\"_blank\" rel=\"noreferrer noopener\">version archiv\u00e9e<\/a>)<\/p>\n\n\n\n<p class=\"wp-block-paragraph\"><a href=\"https:\/\/www.tf1info.fr\/international\/enquete-fuites-inexpliquees-gazoducs-nord-stream-entre-sabotage-russe-et-responsabilite-americaine-les-theories-se-multiplient-2233739.html\" target=\"_blank\" rel=\"noreferrer noopener\">Article TF1 Info responsabilit\u00e9 Nord Stream<\/a>&nbsp;(<a href=\"https:\/\/web.archive.org\/web\/20230210101333\/https:\/\/www.tf1info.fr\/international\/enquete-fuites-inexpliquees-gazoducs-nord-stream-entre-sabotage-russe-et-responsabilite-americaine-les-theories-se-multiplient-2233739.html\" target=\"_blank\" rel=\"noreferrer noopener\">version archiv\u00e9e<\/a>)<\/p>\n\n\n\n<p class=\"wp-block-paragraph\"><a href=\"https:\/\/www.france24.com\/fr\/info-en-continu\/20220718-gaz-l-ue-se-tourne-vers-l-azerba%C3%AFdjan-pour-diversifier-ses-approvisionnements\" target=\"_blank\" rel=\"noreferrer noopener\">Article France 24 gaz Azerba\u00efdjan<\/a>&nbsp;(<a href=\"https:\/\/web.archive.org\/web\/20230210110344\/https:\/\/www.france24.com\/fr\/info-en-continu\/20220718-gaz-l-ue-se-tourne-vers-l-azerba%C3%AFdjan-pour-diversifier-ses-approvisionnements\" target=\"_blank\" rel=\"noreferrer noopener\">version archiv\u00e9e<\/a>)<\/p>\n\n\n\n<p class=\"wp-block-paragraph\"><a href=\"https:\/\/ec.europa.eu\/commission\/presscorner\/detail\/fr\/ip_22_3131\" target=\"_blank\" rel=\"noreferrer noopener\">REPowerEU<\/a>&nbsp;(<a href=\"https:\/\/web.archive.org\/web\/20230123084230\/https:\/\/ec.europa.eu\/commission\/presscorner\/detail\/fr\/IP_22_3131\" target=\"_blank\" rel=\"noreferrer noopener\">version archiv\u00e9e<\/a>)<\/p>\n\n\n\n<p class=\"wp-block-paragraph\"><a href=\"https:\/\/france.representation.ec.europa.eu\/informations\/lue-et-legypte-intensifient-leur-cooperation-sur-le-climat-lenergie-et-la-transition-ecologique-2022-06-15_fr\" target=\"_blank\" rel=\"noreferrer noopener\">Article Commission europ\u00e9enne protocole d&rsquo;accord trilat\u00e9ral<\/a>&nbsp;(<a href=\"https:\/\/web.archive.org\/web\/20230210110545\/https:\/\/france.representation.ec.europa.eu\/informations\/lue-et-legypte-intensifient-leur-cooperation-sur-le-climat-lenergie-et-la-transition-ecologique-2022-06-15_fr\" target=\"_blank\" rel=\"noreferrer noopener\">version archiv\u00e9e<\/a>)<\/p>\n\n\n\n<p class=\"wp-block-paragraph\"><a href=\"https:\/\/www.consilium.europa.eu\/fr\/infographics\/eu-gas-supply\/#:~:text=L'approvisionnement%20en%20gaz%20de,UE%20ont%20%C3%A9t%C3%A9%20consid%C3%A9rablement%20r%C3%A9duites.\" target=\"_blank\" rel=\"noreferrer noopener\">Conseil europ\u00e9en &#8211; d&rsquo;o\u00f9 provient le gaz en Europe ?<\/a>&nbsp;(<a href=\"https:\/\/archive.ph\/3jJEW\" target=\"_blank\" rel=\"noreferrer noopener\">version archiv\u00e9e<\/a>)<\/p>\n\n\n\n<p class=\"wp-block-paragraph\"><a rel=\"noreferrer noopener\" href=\"https:\/\/www.gaz-mobilite.fr\/dossiers\/gnl-gaz-naturel-liquefie-definition\/\" target=\"_blank\">D\u00e9finition gaz naturel liqu\u00e9fi\u00e9<\/a>&nbsp;(<a rel=\"noreferrer noopener\" href=\"https:\/\/web.archive.org\/web\/20230210110814\/https:\/\/www.gaz-mobilite.fr\/dossiers\/gnl-gaz-naturel-liquefie-definition\/\" target=\"_blank\">version archiv\u00e9e<\/a>)<\/p>\n\n\n\n<p class=\"wp-block-paragraph\"><a href=\"https:\/\/fr.euronews.com\/2023\/02\/12\/seisme-en-turquie-et-en-syrie-plus-de-30-000-morts-annonces\">Bilan morts Turquie et Syrie<\/a> (<a href=\"https:\/\/web.archive.org\/web\/20230213094517\/https:\/\/fr.euronews.com\/2023\/02\/12\/seisme-en-turquie-et-en-syrie-plus-de-30-000-morts-annonces\">version archiv\u00e9e<\/a>)<\/p>\n\n\n\n<p class=\"wp-block-paragraph\">Fact-checks de la dpa aux Pays-Bas <a href=\"https:\/\/dpa-factchecking.com\/netherlands\/230209-99-535520\/\">ici<\/a> et <a href=\"https:\/\/dpa-factchecking.com\/netherlands\/230209-99-534923\/\">ici<\/a><\/p>\n\n\n\n<p class=\"wp-block-paragraph\"><a href=\"https:\/\/dpa-factchecking.com\/germany\/230207-99-506329\/\">Fact-check de la dpa en Allemagne<\/a><\/p>\n\n\n\n<h3 class=\"wp-block-heading\">\u00c0 propos des fact-checks de la dpa<\/h3>\n\n\n\n<p class=\"wp-block-paragraph\">Vous trouverez d\u2019autres fact-checks de la dpa sur la page&nbsp;<a href=\"https:\/\/dpa-factchecking.com\/\">dpa-factchecking.com<\/a>. Nous vous informons&nbsp;<a href=\"https:\/\/dpa-factchecking.com\/about\/belgium\/#francaise\">ici<\/a>&nbsp;sur les principes de notre travail.<\/p>\n\n\n\n<p class=\"wp-block-paragraph\">Si vous avez des objections ou des remarques, merci de les envoyer \u00e0 l\u2019adresse&nbsp;<a href=\"mailto:factcheck-belgium@dpa.com\">factcheck-belgium@dpa.com<\/a>.<\/p>\n","protected":false},"excerpt":{"rendered":"<p>Selon certains internautes, un gazoduc constituant la source principale de gaz naturel de l\u2019UE aurait \u00e9t\u00e9 endommag\u00e9 suite aux s\u00e9ismes en Turquie et en Syrie. Un coup dur pour le bloc des 27, qui serait ainsi menac\u00e9 de p\u00e9nurie. Il s\u2019agit pourtant d\u2019une fausse information, puisque le gazoduc concern\u00e9 n\u2019a pas \u00e9t\u00e9 touch\u00e9 par la catastrophe.<\/p>\n","protected":false},"author":65,"featured_media":98943,"comment_status":"closed","ping_status":"closed","sticky":false,"template":"","format":"standard","meta":{"_acf_changed":false,"_et_pb_use_builder":"","_et_pb_old_content":"","_et_gb_content_width":"","footnotes":""},"categories":[829],"tags":[2659,1649,8005,3167,521],"class_list":["post-99769","post","type-post","status-publish","format-standard","has-post-thumbnail","hentry","category-fact-check","tag-energie-4","tag-gaz-2","tag-tremblement-de-terre","tag-turquie","tag-ue-2"],"acf":[],"_links":{"self":[{"href":"https:\/\/europeannewsroom.com\/fr\/wp-json\/wp\/v2\/posts\/99769","targetHints":{"allow":["GET"]}}],"collection":[{"href":"https:\/\/europeannewsroom.com\/fr\/wp-json\/wp\/v2\/posts"}],"about":[{"href":"https:\/\/europeannewsroom.com\/fr\/wp-json\/wp\/v2\/types\/post"}],"author":[{"embeddable":true,"href":"https:\/\/europeannewsroom.com\/fr\/wp-json\/wp\/v2\/users\/65"}],"replies":[{"embeddable":true,"href":"https:\/\/europeannewsroom.com\/fr\/wp-json\/wp\/v2\/comments?post=99769"}],"version-history":[{"count":0,"href":"https:\/\/europeannewsroom.com\/fr\/wp-json\/wp\/v2\/posts\/99769\/revisions"}],"wp:featuredmedia":[{"embeddable":true,"href":"https:\/\/europeannewsroom.com\/fr\/wp-json\/wp\/v2\/media\/98943"}],"wp:attachment":[{"href":"https:\/\/europeannewsroom.com\/fr\/wp-json\/wp\/v2\/media?parent=99769"}],"wp:term":[{"taxonomy":"category","embeddable":true,"href":"https:\/\/europeannewsroom.com\/fr\/wp-json\/wp\/v2\/categories?post=99769"},{"taxonomy":"post_tag","embeddable":true,"href":"https:\/\/europeannewsroom.com\/fr\/wp-json\/wp\/v2\/tags?post=99769"}],"curies":[{"name":"wp","href":"https:\/\/api.w.org\/{rel}","templated":true}]}}